{"id":3082,"date":"2022-06-02T14:25:04","date_gmt":"2022-06-02T14:25:04","guid":{"rendered":"https:\/\/cpimoveis.com.br\/blog\/?p=3082"},"modified":"2022-06-22T01:22:08","modified_gmt":"2022-06-22T01:22:08","slug":"cp-imoveis-tem-dois-novos-lideres","status":"publish","type":"post","link":"https:\/\/cpimoveis.com.br\/blog\/cp-imoveis-tem-dois-novos-lideres\/","title":{"rendered":"CP Im\u00f3veis tem dois novos l\u00edderes"},"content":{"rendered":"\n<p>A matriz da CP em Porto Alegre apresentou \u00e0 equipe dois novos gestores nos \u00faltimos dias. O primeiro deles \u00e9 um velho conhecido da casa: Andr\u00e9 Andrades, que atuava como corretor, passa a gerenciar uma das equipes de vendas da imobili\u00e1ria; a outra egressa veio do mercado e coordenar\u00e1 a \u00e1rea de Loca\u00e7\u00f5es da CP: Tatiane Vieira, que chega com novas ideias para otimizar os alugu\u00e9is da empresa. As hist\u00f3rias de vida dos dois t\u00eam altos e baixos, muito trabalho e uma peculiaridade em comum: a import\u00e2ncia das fam\u00edlias no sucesso destas duas pessoas incr\u00edveis que somam-se ao time com suas ideias e capacidade de gest\u00e3o. Conhe\u00e7a um pouco de cada um dos novos gerentes:<\/p>\n\n\n\n<p><strong>Tatiane, uma hist\u00f3ria de vida que fala por si s\u00f3<\/strong><\/p>\n\n\n\n<figure class=\"wp-block-gallery has-nested-images columns-default is-cropped\">\n<figure class=\"wp-block-image size-large\"><a href=\"https:\/\/cpimoveis.com.br\/blog\/wp-content\/uploads\/2022\/06\/a.jpg\"><img loading=\"lazy\" width=\"600\" height=\"750\" data-id=\"3084\"  src=\"https:\/\/cpimoveis.com.br\/blog\/wp-content\/uploads\/2022\/06\/a.jpg\" alt=\"\" class=\"wp-image-3084\" srcset=\"https:\/\/cpimoveis.com.br\/blog\/wp-content\/uploads\/2022\/06\/a.jpg 600w, https:\/\/cpimoveis.com.br\/blog\/wp-content\/uploads\/2022\/06\/a-240x300.jpg 240w\" sizes=\"(max-width: 600px) 100vw, 600px\" \/><\/a><\/figure>\n<\/figure>\n\n\n\n<p>Quem v\u00ea o semblante doce e sorridente de Tatiane da Silva Viegas n\u00e3o imagina a fibra e a for\u00e7a que marcam sua trajet\u00f3ria de vida. Natural de Porto Alegre, rec\u00e9m casada na fase mais feliz da sua vida pessoal e atuando h\u00e1 14 anos no mercado imobili\u00e1rio, Tati \u00e9 a nova Gestora de Loca\u00e7\u00f5es da CP Im\u00f3veis, e traz nas batalhas de sua hist\u00f3ria pessoal a motiva\u00e7\u00e3o para \u201cbotar fogo no setor de alugu\u00e9is desta empresa\u201d, como ela mesmo define em tom de brincadeira. A figura de linguagem \u00e9 exagerada, mas os predicados de sua hist\u00f3ria de vida e trabalho, n\u00e3o. Tati, como \u00e9 chamada, iniciou sua experi\u00eancia no ramo de im\u00f3veis como Estagi\u00e1ria em uma imobili\u00e1ria da Capital e, em tr\u00eas meses, foi al\u00e7ada a assistente da \u00e1rea de condom\u00ednios por sua dedica\u00e7\u00e3o e empenho, cargo em que aprendeu muito sobre o segmento. Neste per\u00edodo, sempre buscando crescer pessoal e profissionalmente, passou a mirar novos voos. \u201cSempre tive uma ambi\u00e7\u00e3o saud\u00e1vel, uma vontade de aprender e de me destacar profissionalmente. Acredito que a gente tenha que querer melhorar sempre em todos os aspectos\u201d, observa.<\/p>\n\n\n\n<p>Mas muito antes do come\u00e7o no mercado imobili\u00e1rio, Tati conheceu as agruras e dificuldades de outras profiss\u00f5es. \u201cComecei como faxineira ainda adolescente e depois fui balconista de padaria. Tenho muito orgulho disso. Desde quando limpava uma prateleira ou servia um p\u00e3o, eu sempre quis ser a melhor naquilo que fazia. Quando fui trabalhar como estagi\u00e3ria em um escrit\u00f3rio limpinho e arrumado, pra mim j\u00e1 era um grande sonho\u201d, recorda a agora gestora das Loca\u00e7\u00f5es da CP. Depois deste per\u00edodo, j\u00e1 estabelecida como assistente de condom\u00ednios, Tati viu o nascimento de seu filho, hoje com 22 anos, como um momento de decisivo em sua vida. \u201cQuis voltar aos estudos e fazer um curso t\u00e9cnico em administra\u00e7\u00e3o. Foi um momento dif\u00edcil, pois logo me separei, deixei tudo o que havia constru\u00eddo pra tr\u00e1s e recomecei do zero, &#8220;n\u00e3o tinha nem m\u00f3veis na minha casa\u201d, explica. Nesta \u00e9poca, Tatiane apostou suas fichas e deu um passo atr\u00e1s para tentar alavancar sua carreira: ela saiu do emprego onde era assistente administrativo por quase 2 anos e ingressou como estagi\u00e1ria em outra imobili\u00e1ria, onde foi auxiliar de vendas. \u201cEu entrei como estagi\u00e1ria para buscar uma efetiva\u00e7\u00e3o futura e um crescimento que me ajudasse a desenvolver a cria\u00e7\u00e3o do meu filho, mas infelizmente a imobili\u00e1ria n\u00e3o tinha a pol\u00edtica de efetiva\u00e7\u00e3o de estagi\u00e1rios. Mas minha amiga Fernanda, corretora daquela empresa, me indicou para a imobili\u00e1ria em que sua m\u00e3e Rejane trabalhava, que estava precisando de uma secret\u00e1ria de vendas. Ou seja, dei um passo pra tr\u00e1s mas conheci uma pessoa que me levou \u00e0 frente. Deu sempre tem um prop\u00f3sito melhor para n\u00f3s\u201d, aposta.<\/p>\n\n\n\n<p>Foi ent\u00e3o que Tati desabrochou profissionalmente: na nova imobili\u00e1ria, onde tem muito a agradecer ao Diretor pelo aprendizado! Secretariou vendas, aproximou-se da diretoria e prop\u00f4s a implementa\u00e7\u00e3o de um departamento de Loca\u00e7\u00f5es, at\u00e9 ent\u00e3o inexistente. \u201cPercebi que havia demanda e que pass\u00e1vamos oportunidades para outras imobili\u00e1rias, e ent\u00e3o indaguei: por qu\u00ea n\u00e3o temos departamento de loca\u00e7\u00f5es? A diretoria topou e come\u00e7amos do zero. Quando sa\u00ed de l\u00e1, j\u00e1 havia quase 400 im\u00f3veis locados\u201d, celebra com orgulho. Ela permaneceu 11 anos na empresa, sendo os cinco \u00faltimos coordenando o setor financeiro. \u201cMais uma vez quis sair e me desafiar. Fiquei um ano em uma outra empresa e n\u00e3o me adaptei, mas foi mais um degrau pra aprender. Como coordenadora de loca\u00e7\u00f5es nesta outra companhia, aprendi a ir pra linha de frente com clientes, a lidar com situa\u00e7\u00f5es adversas, a gerir pessoas, etc\u201d, diz. Inadaptada \u00e0 rotina desta nova empresa, Tati decidiu buscar novos rumos. Foi a\u00ed que a CP apareceu em sua vida, em uma enorme coincid\u00eancia, como num enredo de filme. \u201cFui levar minha enteada, que \u00e9 minha filha de cora\u00e7\u00e3o, para andar de patinete e me lembrei da Pra\u00e7a Libanesa. Quando chegamos l\u00e1 e vi aquela sede linda, pensei em colocar meu apartamento \u00e0 venda na CP Im\u00f3veis. Fiz contato com a corretora B\u00e1rbara e, mais do que agenciar meu im\u00f3vel, ela me falou sobre o quanto era feliz em fazer parte da CP, o que a interessou muito pelo fato de ser justamente o que ela procurava, trabalhar e prosperar em um ambiente saud\u00e1vel.<br>Mandou curr\u00edculo no domingo e na segunda-feira j\u00e1 estava sendo entrevistada\u201d, sorri. Encantada com os relatos da corretora Barbara e com a atmosfera alegre e amig\u00e1vel da CP, ela viu que era ali o seu lugar. \u201cTodo mundo trabalha com sorriso no rosto. Quando tu entras, parece que toma uma picadinha de energia boa que contagia. Nunca havia sido tratada assim em nenhum lugar\u201d, elogia, sobre a nova casa.<\/p>\n\n\n\n<p>Sobre o novo desafio de gerenciar o time de alugueis da empresa, Tati diz que est\u00e1 entusiasmada e \u00e9 enf\u00e1tica. \u201cJ\u00e1 observei que a equipe \u00e9 muito engajada e que minha chegada deu uma inje\u00e7\u00e3o de energia neles. Vamos fazer o setor de loca\u00e7\u00f5es incendiar\u201d, entusiasma-se a gestora, que afirma gostar muito do conforto de sua casa e dos momentos em fam\u00edlia. \u201cMinha refer\u00eancia maior, meu \u00eddolo \u00e9 Deus. Tenho a convic\u00e7\u00e3o de que fazer o que \u00e9 correto, caminhando pelo bem, traz frutos sempre. Tamb\u00e9m me inspiro muito nos meus pais, que j\u00e1 foram morar com Deus e que criaram seis filhos com todo o sacrif\u00edcio para que tivessem uma vida digna. Essa \u00e9 minha base\u201d, fala, com brilho nos olhos. Mas a emo\u00e7\u00e3o maior vem ao final da conversa, quando o destino promissor do filho simboliza o sucesso da pr\u00f3pria Tatiane: \u201cCriei meu filho sozinha, e v\u00ea-lo se formando em Direito \u00e9 uma realiza\u00e7\u00e3o muito grande. Senti o orgulho que certamente meus pais sentem de mim, onde quer que eles estejam\u201d, conclui, sem disfar\u00e7ar as l\u00e1grimas.<\/p>\n\n\n\n<p><\/p>\n\n\n\n<p><strong>Andr\u00e9 Andrades, coragem e lealdade<\/strong><\/p>\n\n\n\n<figure class=\"wp-block-gallery has-nested-images columns-default is-cropped\">\n<figure class=\"wp-block-image size-large\"><a href=\"https:\/\/cpimoveis.com.br\/blog\/wp-content\/uploads\/2022\/06\/WhatsApp-Image-2022-06-01-at-17.06.jpg\"><img loading=\"lazy\" width=\"600\" height=\"750\" data-id=\"3085\"  src=\"https:\/\/cpimoveis.com.br\/blog\/wp-content\/uploads\/2022\/06\/WhatsApp-Image-2022-06-01-at-17.06.jpg\" alt=\"\" class=\"wp-image-3085\" srcset=\"https:\/\/cpimoveis.com.br\/blog\/wp-content\/uploads\/2022\/06\/WhatsApp-Image-2022-06-01-at-17.06.jpg 600w, https:\/\/cpimoveis.com.br\/blog\/wp-content\/uploads\/2022\/06\/WhatsApp-Image-2022-06-01-at-17.06-240x300.jpg 240w\" sizes=\"(max-width: 600px) 100vw, 600px\" \/><\/a><\/figure>\n<\/figure>\n\n\n\n<p>A hist\u00f3ria da fam\u00edlia Andrades se mistura com a trajet\u00f3ria de sucesso da CP Im\u00f3veis. Mais velho entre tr\u00eas irm\u00e3os, Andr\u00e9 Andrades habituou-se h\u00e1 muitos anos a ouvir boas refer\u00eancias e causos do dia a dia da empresa nos churrascos da fam\u00edlia: seus dois irm\u00e3os mais novos, Alessandro e Gl\u00e1ucio, j\u00e1 haviam trabalhado na CP quando ele decidiu assumir um desafio no mercado imobili\u00e1rio, h\u00e1 dois anos. Alessandro gerenciou por muitos anos a equipe de Xangri-l\u00e1, enquanto o ca\u00e7ula Glaucio havia assumido um cargo de gerente na matriz quando Andr\u00e9 entrou para o time da CP Porto Alegre, em 2020. \u201cEles sempre falavam da qualidade do ambiente de trabalho e da seriedade da empresa, ent\u00e3o minha hist\u00f3ria com a CP come\u00e7ou h\u00e1 muitos anos\u201d, diverte-se.<\/p>\n\n\n\n<p>Criado em meio a alimentos, bebidas e produtos de limpeza no mercado do pai, Andr\u00e9 decidiu empreender no ramo do varejo antes de virar corretor. Por muitos anos, possuiu uma madeireira, e mais tarde dedicou-se \u00e0 abertura e gest\u00e3o de um mercado na cidade de Viam\u00e3o. Foi uma grande escola. \u201cNo mercado, \u00e0s 6h30 o p\u00e3o tem que estar no forno, n\u00e3o tem choro. Eu sa\u00eda da padaria e ia para o a\u00e7ougue, e do a\u00e7ougue voltava para a padaria. Era uma rotina cansativa mas que me ensinou muito\u201d, observa o agora gerente comercial da CP Porto Alegre. Segundo ele, o trabalho no setor supermercadista garantiu valores como responsabilidade, lealdade e dedica\u00e7\u00e3o. \u201cA carga hor\u00e1ria extensa do mercado, com trabalho de segunda a segunda, me fez valorizar muito os momentos em fam\u00edlia. Sempre acordei \u00e0s 4h da manh\u00e3, ent\u00e3o para mim acordar \u00e0s 8h \u00e9 como se fosse meio-dia\u201d, brinca Andr\u00e9, que \u00e9 casado com a esposa B\u00e1rbara e tem dois filhos.<\/p>\n\n\n\n<p>O gestor relata que come\u00e7ou a trabalhar muito cedo, e aprendeu com a fam\u00edlia a valorizar o trabalho. \u201cComecei nem sei bem com que idade, devia ter uns 9 anos, ajudando o pai no mercado. Todas a profiss\u00f5es que tive eu desempenhei da melhor maneira poss\u00edvel, com as ferramentas que eu tinha na m\u00e3o. Trabalhar na CP \u00e9 muito bom, hoje encontrei o lugar certo e o momento certo\u201d, resume. H\u00e1 algumas semanas, Andr\u00e9 se candidatou a gerenciar uma das equipes de venda da CP, a partir da sa\u00edda de seu gestor. \u201cMe coloquei \u00e0 disposi\u00e7\u00e3o expondo os meus pensamentos e sugest\u00f5es de coisas que poder\u00edamos melhorar, e fui prontamente al\u00e7ado para este novo desafio\u201d, conta Andr\u00e9, que promete ser um gestor \u201colho no olho\u201d e que caminha lado a lado com seu time. \u201cSou aquele cara que acompanha os cegos nas competi\u00e7\u00f5es de corrida. O gestor tem que segurar a m\u00e3o e n\u00e3o soltar. Mas segurar para incentivar, e n\u00e3o apenas em tom de cobran\u00e7a\u201d, esclarece. O novo gerente de vendas da CP Im\u00f3veis destaca lealdade, dedica\u00e7\u00e3o e coragem como pontos que valoriza em um profissional. \u201cAssim que se contagia pelo exemplo, com coragem. Homem feio e sem coragem n\u00e3o arruma mulher bonita\u201d, brinca o ex-mercadista e mais velho dos irm\u00e3os Andrades.<\/p>\n","protected":false},"excerpt":{"rendered":"<p>A matriz da CP em Porto Alegre apresentou \u00e0 equipe dois novos gestores nos \u00faltimos dias. O primeiro deles \u00e9 um velho conhecido da casa: Andr\u00e9 Andrades, que atuava como corretor, passa a gerenciar uma das equipes de vendas da imobili\u00e1ria; a outra egressa veio do mercado e coordenar\u00e1 a \u00e1rea de Loca\u00e7\u00f5es da CP:<\/p>\n","protected":false},"author":4,"featured_media":3098,"comment_status":"open","ping_status":"open","sticky":false,"template":"","format":"standard","meta":[],"categories":[20],"tags":[],"yoast_head":"<!-- This site is optimized with the Yoast SEO plugin v18.6 - https:\/\/yoast.com\/wordpress\/plugins\/seo\/ -->\n<title>CP Im\u00f3veis tem dois novos l\u00edderes - Blog CP Im\u00f3veis - Tudo sobre im\u00f3veis na Zona Norte, dicas, decora\u00e7\u00e3o e guia de compra e aluguel<\/title>\n<meta name=\"robots\" content=\"index, follow, max-snippet:-1, max-image-preview:large, max-video-preview:-1\" \/>\n<link rel=\"canonical\" href=\"https:\/\/cpimoveis.com.br\/blog\/cp-imoveis-tem-dois-novos-lideres\/\" \/>\n<meta property=\"og:locale\" content=\"pt_BR\" \/>\n<meta property=\"og:type\" content=\"article\" \/>\n<meta property=\"og:title\" content=\"CP Im\u00f3veis tem dois novos l\u00edderes - Blog CP Im\u00f3veis - Tudo sobre im\u00f3veis na Zona Norte, dicas, decora\u00e7\u00e3o e guia de compra e aluguel\" \/>\n<meta property=\"og:description\" content=\"A matriz da CP em Porto Alegre apresentou \u00e0 equipe dois novos gestores nos \u00faltimos dias. O primeiro deles \u00e9 um velho conhecido da casa: Andr\u00e9 Andrades, que atuava como corretor, passa a gerenciar uma das equipes de vendas da imobili\u00e1ria; a outra egressa veio do mercado e coordenar\u00e1 a \u00e1rea de Loca\u00e7\u00f5es da CP:\" \/>\n<meta property=\"og:url\" content=\"https:\/\/cpimoveis.com.br\/blog\/cp-imoveis-tem-dois-novos-lideres\/\" \/>\n<meta property=\"og:site_name\" content=\"Blog CP Im\u00f3veis - Tudo sobre im\u00f3veis na Zona Norte, dicas, decora\u00e7\u00e3o e guia de compra e aluguel\" \/>\n<meta property=\"article:published_time\" content=\"2022-06-02T14:25:04+00:00\" \/>\n<meta property=\"article:modified_time\" content=\"2022-06-22T01:22:08+00:00\" \/>\n<meta property=\"og:image\" content=\"https:\/\/cpimoveis.com.br\/blog\/wp-content\/uploads\/2022\/06\/Untitled-1.jpg\" \/>\n\t<meta property=\"og:image:width\" content=\"1200\" \/>\n\t<meta property=\"og:image:height\" content=\"750\" \/>\n\t<meta property=\"og:image:type\" content=\"image\/jpeg\" \/>\n<meta name=\"twitter:label1\" content=\"Escrito por\" \/>\n\t<meta name=\"twitter:data1\" content=\"altcode\" \/>\n\t<meta name=\"twitter:label2\" content=\"Est. tempo de leitura\" \/>\n\t<meta name=\"twitter:data2\" content=\"10 minutos\" \/>\n<script type=\"application\/ld+json\" class=\"yoast-schema-graph\">{\"@context\":\"https:\/\/schema.org\",\"@graph\":[{\"@type\":\"WebSite\",\"@id\":\"https:\/\/cpimoveis.com.br\/blog\/#website\",\"url\":\"https:\/\/cpimoveis.com.br\/blog\/\",\"name\":\"Blog CP Im\u00f3veis - Tudo sobre im\u00f3veis na Zona Norte, dicas, decora\u00e7\u00e3o e guia de compra e aluguel\",\"description\":\"Encontre dicas para decorar casa, apartamento e saiba tudo sobre a Zona Norte de Porto Alegre\",\"potentialAction\":[{\"@type\":\"SearchAction\",\"target\":{\"@type\":\"EntryPoint\",\"urlTemplate\":\"https:\/\/cpimoveis.com.br\/blog\/?s={search_term_string}\"},\"query-input\":\"required name=search_term_string\"}],\"inLanguage\":\"pt-BR\"},{\"@type\":\"ImageObject\",\"@id\":\"https:\/\/cpimoveis.com.br\/blog\/cp-imoveis-tem-dois-novos-lideres\/#primaryimage\",\"inLanguage\":\"pt-BR\",\"url\":\"https:\/\/cpimoveis.com.br\/blog\/wp-content\/uploads\/2022\/06\/Untitled-1.jpg\",\"contentUrl\":\"https:\/\/cpimoveis.com.br\/blog\/wp-content\/uploads\/2022\/06\/Untitled-1.jpg\",\"width\":1200,\"height\":750},{\"@type\":\"WebPage\",\"@id\":\"https:\/\/cpimoveis.com.br\/blog\/cp-imoveis-tem-dois-novos-lideres\/#webpage\",\"url\":\"https:\/\/cpimoveis.com.br\/blog\/cp-imoveis-tem-dois-novos-lideres\/\",\"name\":\"CP Im\u00f3veis tem dois novos l\u00edderes - Blog CP Im\u00f3veis - Tudo sobre im\u00f3veis na Zona Norte, dicas, decora\u00e7\u00e3o e guia de compra e aluguel\",\"isPartOf\":{\"@id\":\"https:\/\/cpimoveis.com.br\/blog\/#website\"},\"primaryImageOfPage\":{\"@id\":\"https:\/\/cpimoveis.com.br\/blog\/cp-imoveis-tem-dois-novos-lideres\/#primaryimage\"},\"datePublished\":\"2022-06-02T14:25:04+00:00\",\"dateModified\":\"2022-06-22T01:22:08+00:00\",\"author\":{\"@id\":\"https:\/\/cpimoveis.com.br\/blog\/#\/schema\/person\/2cab20c05540e6768f86f08d66a7cefd\"},\"breadcrumb\":{\"@id\":\"https:\/\/cpimoveis.com.br\/blog\/cp-imoveis-tem-dois-novos-lideres\/#breadcrumb\"},\"inLanguage\":\"pt-BR\",\"potentialAction\":[{\"@type\":\"ReadAction\",\"target\":[\"https:\/\/cpimoveis.com.br\/blog\/cp-imoveis-tem-dois-novos-lideres\/\"]}]},{\"@type\":\"BreadcrumbList\",\"@id\":\"https:\/\/cpimoveis.com.br\/blog\/cp-imoveis-tem-dois-novos-lideres\/#breadcrumb\",\"itemListElement\":[{\"@type\":\"ListItem\",\"position\":1,\"name\":\"In\u00edcio\",\"item\":\"https:\/\/cpimoveis.com.br\/blog\/\"},{\"@type\":\"ListItem\",\"position\":2,\"name\":\"CP Im\u00f3veis tem dois novos l\u00edderes\"}]},{\"@type\":\"Person\",\"@id\":\"https:\/\/cpimoveis.com.br\/blog\/#\/schema\/person\/2cab20c05540e6768f86f08d66a7cefd\",\"name\":\"altcode\",\"image\":{\"@type\":\"ImageObject\",\"@id\":\"https:\/\/cpimoveis.com.br\/blog\/#personlogo\",\"inLanguage\":\"pt-BR\",\"url\":\"https:\/\/secure.gravatar.com\/avatar\/1941e0985374373557cc7db347652e6c?s=96&d=mm&r=g\",\"contentUrl\":\"https:\/\/secure.gravatar.com\/avatar\/1941e0985374373557cc7db347652e6c?s=96&d=mm&r=g\",\"caption\":\"altcode\"},\"url\":\"https:\/\/cpimoveis.com.br\/blog\/author\/altcode\/\"}]}<\/script>\n<!-- \/ Yoast SEO plugin. -->","yoast_head_json":{"title":"CP Im\u00f3veis tem dois novos l\u00edderes - Blog CP Im\u00f3veis - Tudo sobre im\u00f3veis na Zona Norte, dicas, decora\u00e7\u00e3o e guia de compra e aluguel","robots":{"index":"index","follow":"follow","max-snippet":"max-snippet:-1","max-image-preview":"max-image-preview:large","max-video-preview":"max-video-preview:-1"},"canonical":"https:\/\/cpimoveis.com.br\/blog\/cp-imoveis-tem-dois-novos-lideres\/","og_locale":"pt_BR","og_type":"article","og_title":"CP Im\u00f3veis tem dois novos l\u00edderes - Blog CP Im\u00f3veis - Tudo sobre im\u00f3veis na Zona Norte, dicas, decora\u00e7\u00e3o e guia de compra e aluguel","og_description":"A matriz da CP em Porto Alegre apresentou \u00e0 equipe dois novos gestores nos \u00faltimos dias. O primeiro deles \u00e9 um velho conhecido da casa: Andr\u00e9 Andrades, que atuava como corretor, passa a gerenciar uma das equipes de vendas da imobili\u00e1ria; a outra egressa veio do mercado e coordenar\u00e1 a \u00e1rea de Loca\u00e7\u00f5es da CP:","og_url":"https:\/\/cpimoveis.com.br\/blog\/cp-imoveis-tem-dois-novos-lideres\/","og_site_name":"Blog CP Im\u00f3veis - Tudo sobre im\u00f3veis na Zona Norte, dicas, decora\u00e7\u00e3o e guia de compra e aluguel","article_published_time":"2022-06-02T14:25:04+00:00","article_modified_time":"2022-06-22T01:22:08+00:00","og_image":[{"width":1200,"height":750,"url":"https:\/\/cpimoveis.com.br\/blog\/wp-content\/uploads\/2022\/06\/Untitled-1.jpg","type":"image\/jpeg"}],"twitter_misc":{"Escrito por":"altcode","Est. tempo de leitura":"10 minutos"},"schema":{"@context":"https:\/\/schema.org","@graph":[{"@type":"WebSite","@id":"https:\/\/cpimoveis.com.br\/blog\/#website","url":"https:\/\/cpimoveis.com.br\/blog\/","name":"Blog CP Im\u00f3veis - Tudo sobre im\u00f3veis na Zona Norte, dicas, decora\u00e7\u00e3o e guia de compra e aluguel","description":"Encontre dicas para decorar casa, apartamento e saiba tudo sobre a Zona Norte de Porto Alegre","potentialAction":[{"@type":"SearchAction","target":{"@type":"EntryPoint","urlTemplate":"https:\/\/cpimoveis.com.br\/blog\/?s={search_term_string}"},"query-input":"required name=search_term_string"}],"inLanguage":"pt-BR"},{"@type":"ImageObject","@id":"https:\/\/cpimoveis.com.br\/blog\/cp-imoveis-tem-dois-novos-lideres\/#primaryimage","inLanguage":"pt-BR","url":"https:\/\/cpimoveis.com.br\/blog\/wp-content\/uploads\/2022\/06\/Untitled-1.jpg","contentUrl":"https:\/\/cpimoveis.com.br\/blog\/wp-content\/uploads\/2022\/06\/Untitled-1.jpg","width":1200,"height":750},{"@type":"WebPage","@id":"https:\/\/cpimoveis.com.br\/blog\/cp-imoveis-tem-dois-novos-lideres\/#webpage","url":"https:\/\/cpimoveis.com.br\/blog\/cp-imoveis-tem-dois-novos-lideres\/","name":"CP Im\u00f3veis tem dois novos l\u00edderes - Blog CP Im\u00f3veis - Tudo sobre im\u00f3veis na Zona Norte, dicas, decora\u00e7\u00e3o e guia de compra e aluguel","isPartOf":{"@id":"https:\/\/cpimoveis.com.br\/blog\/#website"},"primaryImageOfPage":{"@id":"https:\/\/cpimoveis.com.br\/blog\/cp-imoveis-tem-dois-novos-lideres\/#primaryimage"},"datePublished":"2022-06-02T14:25:04+00:00","dateModified":"2022-06-22T01:22:08+00:00","author":{"@id":"https:\/\/cpimoveis.com.br\/blog\/#\/schema\/person\/2cab20c05540e6768f86f08d66a7cefd"},"breadcrumb":{"@id":"https:\/\/cpimoveis.com.br\/blog\/cp-imoveis-tem-dois-novos-lideres\/#breadcrumb"},"inLanguage":"pt-BR","potentialAction":[{"@type":"ReadAction","target":["https:\/\/cpimoveis.com.br\/blog\/cp-imoveis-tem-dois-novos-lideres\/"]}]},{"@type":"BreadcrumbList","@id":"https:\/\/cpimoveis.com.br\/blog\/cp-imoveis-tem-dois-novos-lideres\/#breadcrumb","itemListElement":[{"@type":"ListItem","position":1,"name":"In\u00edcio","item":"https:\/\/cpimoveis.com.br\/blog\/"},{"@type":"ListItem","position":2,"name":"CP Im\u00f3veis tem dois novos l\u00edderes"}]},{"@type":"Person","@id":"https:\/\/cpimoveis.com.br\/blog\/#\/schema\/person\/2cab20c05540e6768f86f08d66a7cefd","name":"altcode","image":{"@type":"ImageObject","@id":"https:\/\/cpimoveis.com.br\/blog\/#personlogo","inLanguage":"pt-BR","url":"https:\/\/secure.gravatar.com\/avatar\/1941e0985374373557cc7db347652e6c?s=96&d=mm&r=g","contentUrl":"https:\/\/secure.gravatar.com\/avatar\/1941e0985374373557cc7db347652e6c?s=96&d=mm&r=g","caption":"altcode"},"url":"https:\/\/cpimoveis.com.br\/blog\/author\/altcode\/"}]}},"_links":{"self":[{"href":"https:\/\/cpimoveis.com.br\/blog\/wp-json\/wp\/v2\/posts\/3082"}],"collection":[{"href":"https:\/\/cpimoveis.com.br\/blog\/wp-json\/wp\/v2\/posts"}],"about":[{"href":"https:\/\/cpimoveis.com.br\/blog\/wp-json\/wp\/v2\/types\/post"}],"author":[{"embeddable":true,"href":"https:\/\/cpimoveis.com.br\/blog\/wp-json\/wp\/v2\/users\/4"}],"replies":[{"embeddable":true,"href":"https:\/\/cpimoveis.com.br\/blog\/wp-json\/wp\/v2\/comments?post=3082"}],"version-history":[{"count":4,"href":"https:\/\/cpimoveis.com.br\/blog\/wp-json\/wp\/v2\/posts\/3082\/revisions"}],"predecessor-version":[{"id":3091,"href":"https:\/\/cpimoveis.com.br\/blog\/wp-json\/wp\/v2\/posts\/3082\/revisions\/3091"}],"wp:featuredmedia":[{"embeddable":true,"href":"https:\/\/cpimoveis.com.br\/blog\/wp-json\/wp\/v2\/media\/3098"}],"wp:attachment":[{"href":"https:\/\/cpimoveis.com.br\/blog\/wp-json\/wp\/v2\/media?parent=3082"}],"wp:term":[{"taxonomy":"category","embeddable":true,"href":"https:\/\/cpimoveis.com.br\/blog\/wp-json\/wp\/v2\/categories?post=3082"},{"taxonomy":"post_tag","embeddable":true,"href":"https:\/\/cpimoveis.com.br\/blog\/wp-json\/wp\/v2\/tags?post=3082"}],"curies":[{"name":"wp","href":"https:\/\/api.w.org\/{rel}","templated":true}]}}