{"id":2979,"date":"2021-03-03T20:32:59","date_gmt":"2021-03-03T20:32:59","guid":{"rendered":"https:\/\/cpimoveis.com.br\/blog\/?p=2979"},"modified":"2021-03-03T20:34:15","modified_gmt":"2021-03-03T20:34:15","slug":"concretizando-sonhos-em-bandeira-preta","status":"publish","type":"post","link":"https:\/\/cpimoveis.com.br\/blog\/concretizando-sonhos-em-bandeira-preta\/","title":{"rendered":"Concretizando sonhos em bandeira preta"},"content":{"rendered":"\n<div class=\"wp-block-image\"><figure class=\"aligncenter size-large\"><img loading=\"lazy\" width=\"800\" height=\"800\" src=\"https:\/\/cpimoveis.com.br\/blog\/wp-content\/uploads\/2021\/03\/Independent_Real_Estate_NANOSOTHEBYS1_7_.jpg\" alt=\"\" class=\"wp-image-2981\" srcset=\"https:\/\/cpimoveis.com.br\/blog\/wp-content\/uploads\/2021\/03\/Independent_Real_Estate_NANOSOTHEBYS1_7_.jpg 800w, https:\/\/cpimoveis.com.br\/blog\/wp-content\/uploads\/2021\/03\/Independent_Real_Estate_NANOSOTHEBYS1_7_-300x300.jpg 300w, https:\/\/cpimoveis.com.br\/blog\/wp-content\/uploads\/2021\/03\/Independent_Real_Estate_NANOSOTHEBYS1_7_-150x150.jpg 150w, https:\/\/cpimoveis.com.br\/blog\/wp-content\/uploads\/2021\/03\/Independent_Real_Estate_NANOSOTHEBYS1_7_-768x768.jpg 768w, https:\/\/cpimoveis.com.br\/blog\/wp-content\/uploads\/2021\/03\/Independent_Real_Estate_NANOSOTHEBYS1_7_-260x260.jpg 260w\" sizes=\"(max-width: 800px) 100vw, 800px\" \/><\/figure><\/div>\n\n\n\n<p>O auge da prolifera\u00e7\u00e3o da covid-19 e o estabelecimento de bandeira preta em todo o territ\u00f3rio ga\u00facho, restringindo as atividades econ\u00f4micas e reduzindo o trabalho do setor imobili\u00e1rio ao home office, imp\u00f5em novos desafios \u00e0s empresas e profissionais deste segmento. Para o time da CP Im\u00f3veis \u2013 assim como para todas as companhias socialmente respons\u00e1veis e alinhadas a valores morais \u2013, a preserva\u00e7\u00e3o de vidas \u00e9 a preocupa\u00e7\u00e3o n\u00famero 1 neste momento de instabilidade, incertezas e inquieta\u00e7\u00e3o do mercado.<\/p>\n\n\n\n<p>Entendemos, entretanto, que assim como s\u00e3o imprescind\u00edveis as vidas, tamb\u00e9m s\u00e3o fundamentais os projetos de vida. Os sonhos, investimentos e planos de fam\u00edlias inteiras poderiam ficar represados neste cen\u00e1rio de isolamento, mas \u00e9 nosso dever e nosso papel buscarmos alternativas para atender \u00e0s demandas que surgirem, fazendo a roda girar, movimentando o mercado e concretizando objetivos de clientes e parceiros comerciais com seguran\u00e7a e responsabilidade. Mas como trabalhar em um cen\u00e1rio adverso, de pouco contato presencial e adapta\u00e7\u00f5es no relacionamento com as partes envolvidas?<\/p>\n\n\n\n<p>N\u00f3s, da CP Im\u00f3veis, criamos algumas solu\u00e7\u00f5es e protocolos para contemplar o cliente de ponta a ponta no processo de negocia\u00e7\u00e3o, garantindo o padr\u00e3o de atendimento que nos solidificou no mercado h\u00e1 mais de 33 anos. S\u00e3o eles:<\/p>\n\n\n\n<p>\u2022 Plant\u00e3o de atendimento di\u00e1rio, por telefone, e-mail e WhatsApp, das 8h \u00e0s 23h;<\/p>\n\n\n\n<p>\u2022 Possibilidade de escolha do corretor a partir de seu hist\u00f3rico, caracter\u00edsticas, especialidades e perfis. Dispon\u00edvel no endere\u00e7o www.cpimoveis.com.br\/corretores\/, o nosso \u201ccard\u00e1pio\u201d permite que o cliente escolha o profissional com quem mais se identifica para ser atendido;<\/p>\n\n\n\n<p>\u2022 Visita\u00e7\u00e3o e tour 100% virtual nos im\u00f3veis cadastrados, evitando o deslocamento inicial para a primeira visita aos im\u00f3veis de interesse;<\/p>\n\n\n\n<p>\u2022 Toda a formaliza\u00e7\u00e3o da proposta, emiss\u00f5es das certid\u00f5es e at\u00e9 a assinatura do contrato de forma 100% online, sem a necessidade de deslocamento, e cumprindo r\u00edgidos protocolos de seguran\u00e7a.<\/p>\n\n\n\n<p>Com estes processos claros e bem definidos, a CP Im\u00f3veis mant\u00e9m sua tradi\u00e7\u00e3o de carinho, confian\u00e7a e personaliza\u00e7\u00e3o no atendimento aos diferentes players do mercado. \u201cEstamos construindo novos formatos de atendimento, mas preservando nossa ess\u00eancia e os pilares que nos trouxeram at\u00e9 aqui\u201d, explica o diretor comercial da imobili\u00e1ria, Marcelo Ely. Se voc\u00ea busca um im\u00f3vel, n\u00e3o \u00e9 necess\u00e1rio esperar o fim da pandemia para concretizar o seu sonho. Estamos em home office para cuidar das vidas de todos n\u00f3s, mas o atendimento online CP est\u00e1 esperando seu contato. Sua vida \u00e9 prioridade para n\u00f3s. Mas seus projetos de vida, tamb\u00e9m!<\/p>\n\n\n\n<p><\/p>\n","protected":false},"excerpt":{"rendered":"<p>O auge da prolifera\u00e7\u00e3o da covid-19 e o estabelecimento de bandeira preta em todo o territ\u00f3rio ga\u00facho, restringindo as atividades econ\u00f4micas e reduzindo o trabalho do setor imobili\u00e1rio ao home office, imp\u00f5em novos desafios \u00e0s empresas e profissionais deste segmento. Para o time da CP Im\u00f3veis \u2013 assim como para todas as companhias socialmente respons\u00e1veis<\/p>\n","protected":false},"author":4,"featured_media":2981,"comment_status":"open","ping_status":"open","sticky":false,"template":"","format":"standard","meta":[],"categories":[20],"tags":[293,135,878,882,463,571,884,180,488,866,820,201,305,883,307,353,107,58,379,885,464,564,36,497,881,394,880,879,381,115],"yoast_head":"<!-- This site is optimized with the Yoast SEO plugin v18.6 - https:\/\/yoast.com\/wordpress\/plugins\/seo\/ -->\n<title>Concretizando sonhos em bandeira preta - Blog CP Im\u00f3veis - Tudo sobre im\u00f3veis na Zona Norte, dicas, decora\u00e7\u00e3o e guia de compra e aluguel<\/title>\n<meta name=\"robots\" content=\"index, follow, max-snippet:-1, max-image-preview:large, max-video-preview:-1\" \/>\n<link rel=\"canonical\" href=\"https:\/\/cpimoveis.com.br\/blog\/concretizando-sonhos-em-bandeira-preta\/\" \/>\n<meta property=\"og:locale\" content=\"pt_BR\" \/>\n<meta property=\"og:type\" content=\"article\" \/>\n<meta property=\"og:title\" content=\"Concretizando sonhos em bandeira preta - Blog CP Im\u00f3veis - Tudo sobre im\u00f3veis na Zona Norte, dicas, decora\u00e7\u00e3o e guia de compra e aluguel\" \/>\n<meta property=\"og:description\" content=\"O auge da prolifera\u00e7\u00e3o da covid-19 e o estabelecimento de bandeira preta em todo o territ\u00f3rio ga\u00facho, restringindo as atividades econ\u00f4micas e reduzindo o trabalho do setor imobili\u00e1rio ao home office, imp\u00f5em novos desafios \u00e0s empresas e profissionais deste segmento. Para o time da CP Im\u00f3veis \u2013 assim como para todas as companhias socialmente respons\u00e1veis\" \/>\n<meta property=\"og:url\" content=\"https:\/\/cpimoveis.com.br\/blog\/concretizando-sonhos-em-bandeira-preta\/\" \/>\n<meta property=\"og:site_name\" content=\"Blog CP Im\u00f3veis - Tudo sobre im\u00f3veis na Zona Norte, dicas, decora\u00e7\u00e3o e guia de compra e aluguel\" \/>\n<meta property=\"article:published_time\" content=\"2021-03-03T20:32:59+00:00\" \/>\n<meta property=\"article:modified_time\" content=\"2021-03-03T20:34:15+00:00\" \/>\n<meta property=\"og:image\" content=\"https:\/\/cpimoveis.com.br\/blog\/wp-content\/uploads\/2021\/03\/Independent_Real_Estate_NANOSOTHEBYS1_7_.jpg\" \/>\n\t<meta property=\"og:image:width\" content=\"800\" \/>\n\t<meta property=\"og:image:height\" content=\"800\" \/>\n\t<meta property=\"og:image:type\" content=\"image\/jpeg\" \/>\n<meta name=\"twitter:label1\" content=\"Escrito por\" \/>\n\t<meta name=\"twitter:data1\" content=\"altcode\" \/>\n\t<meta name=\"twitter:label2\" content=\"Est. tempo de leitura\" \/>\n\t<meta name=\"twitter:data2\" content=\"2 minutos\" \/>\n<script type=\"application\/ld+json\" class=\"yoast-schema-graph\">{\"@context\":\"https:\/\/schema.org\",\"@graph\":[{\"@type\":\"WebSite\",\"@id\":\"https:\/\/cpimoveis.com.br\/blog\/#website\",\"url\":\"https:\/\/cpimoveis.com.br\/blog\/\",\"name\":\"Blog CP Im\u00f3veis - Tudo sobre im\u00f3veis na Zona Norte, dicas, decora\u00e7\u00e3o e guia de compra e aluguel\",\"description\":\"Encontre dicas para decorar casa, apartamento e saiba tudo sobre a Zona Norte de Porto Alegre\",\"potentialAction\":[{\"@type\":\"SearchAction\",\"target\":{\"@type\":\"EntryPoint\",\"urlTemplate\":\"https:\/\/cpimoveis.com.br\/blog\/?s={search_term_string}\"},\"query-input\":\"required name=search_term_string\"}],\"inLanguage\":\"pt-BR\"},{\"@type\":\"ImageObject\",\"@id\":\"https:\/\/cpimoveis.com.br\/blog\/concretizando-sonhos-em-bandeira-preta\/#primaryimage\",\"inLanguage\":\"pt-BR\",\"url\":\"https:\/\/cpimoveis.com.br\/blog\/wp-content\/uploads\/2021\/03\/Independent_Real_Estate_NANOSOTHEBYS1_7_.jpg\",\"contentUrl\":\"https:\/\/cpimoveis.com.br\/blog\/wp-content\/uploads\/2021\/03\/Independent_Real_Estate_NANOSOTHEBYS1_7_.jpg\",\"width\":800,\"height\":800},{\"@type\":\"WebPage\",\"@id\":\"https:\/\/cpimoveis.com.br\/blog\/concretizando-sonhos-em-bandeira-preta\/#webpage\",\"url\":\"https:\/\/cpimoveis.com.br\/blog\/concretizando-sonhos-em-bandeira-preta\/\",\"name\":\"Concretizando sonhos em bandeira preta - Blog CP Im\u00f3veis - Tudo sobre im\u00f3veis na Zona Norte, dicas, decora\u00e7\u00e3o e guia de compra e aluguel\",\"isPartOf\":{\"@id\":\"https:\/\/cpimoveis.com.br\/blog\/#website\"},\"primaryImageOfPage\":{\"@id\":\"https:\/\/cpimoveis.com.br\/blog\/concretizando-sonhos-em-bandeira-preta\/#primaryimage\"},\"datePublished\":\"2021-03-03T20:32:59+00:00\",\"dateModified\":\"2021-03-03T20:34:15+00:00\",\"author\":{\"@id\":\"https:\/\/cpimoveis.com.br\/blog\/#\/schema\/person\/2cab20c05540e6768f86f08d66a7cefd\"},\"breadcrumb\":{\"@id\":\"https:\/\/cpimoveis.com.br\/blog\/concretizando-sonhos-em-bandeira-preta\/#breadcrumb\"},\"inLanguage\":\"pt-BR\",\"potentialAction\":[{\"@type\":\"ReadAction\",\"target\":[\"https:\/\/cpimoveis.com.br\/blog\/concretizando-sonhos-em-bandeira-preta\/\"]}]},{\"@type\":\"BreadcrumbList\",\"@id\":\"https:\/\/cpimoveis.com.br\/blog\/concretizando-sonhos-em-bandeira-preta\/#breadcrumb\",\"itemListElement\":[{\"@type\":\"ListItem\",\"position\":1,\"name\":\"In\u00edcio\",\"item\":\"https:\/\/cpimoveis.com.br\/blog\/\"},{\"@type\":\"ListItem\",\"position\":2,\"name\":\"Concretizando sonhos em bandeira preta\"}]},{\"@type\":\"Person\",\"@id\":\"https:\/\/cpimoveis.com.br\/blog\/#\/schema\/person\/2cab20c05540e6768f86f08d66a7cefd\",\"name\":\"altcode\",\"image\":{\"@type\":\"ImageObject\",\"@id\":\"https:\/\/cpimoveis.com.br\/blog\/#personlogo\",\"inLanguage\":\"pt-BR\",\"url\":\"https:\/\/secure.gravatar.com\/avatar\/1941e0985374373557cc7db347652e6c?s=96&d=mm&r=g\",\"contentUrl\":\"https:\/\/secure.gravatar.com\/avatar\/1941e0985374373557cc7db347652e6c?s=96&d=mm&r=g\",\"caption\":\"altcode\"},\"url\":\"https:\/\/cpimoveis.com.br\/blog\/author\/altcode\/\"}]}<\/script>\n<!-- \/ Yoast SEO plugin. -->","yoast_head_json":{"title":"Concretizando sonhos em bandeira preta - Blog CP Im\u00f3veis - Tudo sobre im\u00f3veis na Zona Norte, dicas, decora\u00e7\u00e3o e guia de compra e aluguel","robots":{"index":"index","follow":"follow","max-snippet":"max-snippet:-1","max-image-preview":"max-image-preview:large","max-video-preview":"max-video-preview:-1"},"canonical":"https:\/\/cpimoveis.com.br\/blog\/concretizando-sonhos-em-bandeira-preta\/","og_locale":"pt_BR","og_type":"article","og_title":"Concretizando sonhos em bandeira preta - Blog CP Im\u00f3veis - Tudo sobre im\u00f3veis na Zona Norte, dicas, decora\u00e7\u00e3o e guia de compra e aluguel","og_description":"O auge da prolifera\u00e7\u00e3o da covid-19 e o estabelecimento de bandeira preta em todo o territ\u00f3rio ga\u00facho, restringindo as atividades econ\u00f4micas e reduzindo o trabalho do setor imobili\u00e1rio ao home office, imp\u00f5em novos desafios \u00e0s empresas e profissionais deste segmento. Para o time da CP Im\u00f3veis \u2013 assim como para todas as companhias socialmente respons\u00e1veis","og_url":"https:\/\/cpimoveis.com.br\/blog\/concretizando-sonhos-em-bandeira-preta\/","og_site_name":"Blog CP Im\u00f3veis - Tudo sobre im\u00f3veis na Zona Norte, dicas, decora\u00e7\u00e3o e guia de compra e aluguel","article_published_time":"2021-03-03T20:32:59+00:00","article_modified_time":"2021-03-03T20:34:15+00:00","og_image":[{"width":800,"height":800,"url":"https:\/\/cpimoveis.com.br\/blog\/wp-content\/uploads\/2021\/03\/Independent_Real_Estate_NANOSOTHEBYS1_7_.jpg","type":"image\/jpeg"}],"twitter_misc":{"Escrito por":"altcode","Est. tempo de leitura":"2 minutos"},"schema":{"@context":"https:\/\/schema.org","@graph":[{"@type":"WebSite","@id":"https:\/\/cpimoveis.com.br\/blog\/#website","url":"https:\/\/cpimoveis.com.br\/blog\/","name":"Blog CP Im\u00f3veis - Tudo sobre im\u00f3veis na Zona Norte, dicas, decora\u00e7\u00e3o e guia de compra e aluguel","description":"Encontre dicas para decorar casa, apartamento e saiba tudo sobre a Zona Norte de Porto Alegre","potentialAction":[{"@type":"SearchAction","target":{"@type":"EntryPoint","urlTemplate":"https:\/\/cpimoveis.com.br\/blog\/?s={search_term_string}"},"query-input":"required name=search_term_string"}],"inLanguage":"pt-BR"},{"@type":"ImageObject","@id":"https:\/\/cpimoveis.com.br\/blog\/concretizando-sonhos-em-bandeira-preta\/#primaryimage","inLanguage":"pt-BR","url":"https:\/\/cpimoveis.com.br\/blog\/wp-content\/uploads\/2021\/03\/Independent_Real_Estate_NANOSOTHEBYS1_7_.jpg","contentUrl":"https:\/\/cpimoveis.com.br\/blog\/wp-content\/uploads\/2021\/03\/Independent_Real_Estate_NANOSOTHEBYS1_7_.jpg","width":800,"height":800},{"@type":"WebPage","@id":"https:\/\/cpimoveis.com.br\/blog\/concretizando-sonhos-em-bandeira-preta\/#webpage","url":"https:\/\/cpimoveis.com.br\/blog\/concretizando-sonhos-em-bandeira-preta\/","name":"Concretizando sonhos em bandeira preta - Blog CP Im\u00f3veis - Tudo sobre im\u00f3veis na Zona Norte, dicas, decora\u00e7\u00e3o e guia de compra e aluguel","isPartOf":{"@id":"https:\/\/cpimoveis.com.br\/blog\/#website"},"primaryImageOfPage":{"@id":"https:\/\/cpimoveis.com.br\/blog\/concretizando-sonhos-em-bandeira-preta\/#primaryimage"},"datePublished":"2021-03-03T20:32:59+00:00","dateModified":"2021-03-03T20:34:15+00:00","author":{"@id":"https:\/\/cpimoveis.com.br\/blog\/#\/schema\/person\/2cab20c05540e6768f86f08d66a7cefd"},"breadcrumb":{"@id":"https:\/\/cpimoveis.com.br\/blog\/concretizando-sonhos-em-bandeira-preta\/#breadcrumb"},"inLanguage":"pt-BR","potentialAction":[{"@type":"ReadAction","target":["https:\/\/cpimoveis.com.br\/blog\/concretizando-sonhos-em-bandeira-preta\/"]}]},{"@type":"BreadcrumbList","@id":"https:\/\/cpimoveis.com.br\/blog\/concretizando-sonhos-em-bandeira-preta\/#breadcrumb","itemListElement":[{"@type":"ListItem","position":1,"name":"In\u00edcio","item":"https:\/\/cpimoveis.com.br\/blog\/"},{"@type":"ListItem","position":2,"name":"Concretizando sonhos em bandeira preta"}]},{"@type":"Person","@id":"https:\/\/cpimoveis.com.br\/blog\/#\/schema\/person\/2cab20c05540e6768f86f08d66a7cefd","name":"altcode","image":{"@type":"ImageObject","@id":"https:\/\/cpimoveis.com.br\/blog\/#personlogo","inLanguage":"pt-BR","url":"https:\/\/secure.gravatar.com\/avatar\/1941e0985374373557cc7db347652e6c?s=96&d=mm&r=g","contentUrl":"https:\/\/secure.gravatar.com\/avatar\/1941e0985374373557cc7db347652e6c?s=96&d=mm&r=g","caption":"altcode"},"url":"https:\/\/cpimoveis.com.br\/blog\/author\/altcode\/"}]}},"_links":{"self":[{"href":"https:\/\/cpimoveis.com.br\/blog\/wp-json\/wp\/v2\/posts\/2979"}],"collection":[{"href":"https:\/\/cpimoveis.com.br\/blog\/wp-json\/wp\/v2\/posts"}],"about":[{"href":"https:\/\/cpimoveis.com.br\/blog\/wp-json\/wp\/v2\/types\/post"}],"author":[{"embeddable":true,"href":"https:\/\/cpimoveis.com.br\/blog\/wp-json\/wp\/v2\/users\/4"}],"replies":[{"embeddable":true,"href":"https:\/\/cpimoveis.com.br\/blog\/wp-json\/wp\/v2\/comments?post=2979"}],"version-history":[{"count":3,"href":"https:\/\/cpimoveis.com.br\/blog\/wp-json\/wp\/v2\/posts\/2979\/revisions"}],"predecessor-version":[{"id":2985,"href":"https:\/\/cpimoveis.com.br\/blog\/wp-json\/wp\/v2\/posts\/2979\/revisions\/2985"}],"wp:featuredmedia":[{"embeddable":true,"href":"https:\/\/cpimoveis.com.br\/blog\/wp-json\/wp\/v2\/media\/2981"}],"wp:attachment":[{"href":"https:\/\/cpimoveis.com.br\/blog\/wp-json\/wp\/v2\/media?parent=2979"}],"wp:term":[{"taxonomy":"category","embeddable":true,"href":"https:\/\/cpimoveis.com.br\/blog\/wp-json\/wp\/v2\/categories?post=2979"},{"taxonomy":"post_tag","embeddable":true,"href":"https:\/\/cpimoveis.com.br\/blog\/wp-json\/wp\/v2\/tags?post=2979"}],"curies":[{"name":"wp","href":"https:\/\/api.w.org\/{rel}","templated":true}]}}